{"id":6235,"date":"2025-02-20T18:11:28","date_gmt":"2025-02-20T17:11:28","guid":{"rendered":"https:\/\/federacja.bialystok.pl\/?p=6235"},"modified":"2025-02-20T18:16:38","modified_gmt":"2025-02-20T17:16:38","slug":"jak-skorzystac-z-koszyka-uslug-spolecznych","status":"publish","type":"post","link":"https:\/\/federacja.bialystok.pl\/index.php\/2025\/02\/20\/jak-skorzystac-z-koszyka-uslug-spolecznych\/","title":{"rendered":"Jak skorzysta\u0107 z Koszyka Us\u0142ug Spo\u0142ecznych?"},"content":{"rendered":"<p>Oto kr\u00f3tki film o tym, jak skorzysta\u0107 z Koszyka Us\u0142ug Spo\u0142ecznych, znajduj\u0105cego si\u0119 pod adresem: <a href=\"http:\/\/www.koszykuslugspolecznych.pl\">www.koszykuslugspolecznych.pl<\/a><\/p>\n<div style=\"width: 900px;\" class=\"wp-video\"><!--[if lt IE 9]><script>document.createElement('video');<\/script><![endif]-->\n<video class=\"wp-video-shortcode\" id=\"video-6235-1\" width=\"900\" height=\"506\" preload=\"metadata\" controls=\"controls\"><source type=\"video\/mp4\" src=\"https:\/\/federacja.bialystok.pl\/wp-content\/uploads\/2025\/02\/koszyk_filmik.mp4?_=1\" \/><a href=\"https:\/\/federacja.bialystok.pl\/wp-content\/uploads\/2025\/02\/koszyk_filmik.mp4\">https:\/\/federacja.bialystok.pl\/wp-content\/uploads\/2025\/02\/koszyk_filmik.mp4<\/a><\/video><\/div>\n<p>&nbsp;<\/p>\n<p style=\"text-align: center;\"><strong>Partnerem Strategicznym Koszyka Us\u0142ug Spo\u0142ecznych jest Wojew\u00f3dztwo Podlaskie.<\/strong><\/p>\n<p><img loading=\"lazy\" decoding=\"async\" class=\"alignnone size-medium wp-image-6226 aligncenter\" src=\"https:\/\/federacja.bialystok.pl\/wp-content\/uploads\/2025\/02\/1296x600-300x139.jpg\" alt=\"\" width=\"300\" height=\"139\" srcset=\"https:\/\/federacja.bialystok.pl\/wp-content\/uploads\/2025\/02\/1296x600-300x139.jpg 300w, https:\/\/federacja.bialystok.pl\/wp-content\/uploads\/2025\/02\/1296x600-1024x474.jpg 1024w, https:\/\/federacja.bialystok.pl\/wp-content\/uploads\/2025\/02\/1296x600-430x199.jpg 430w, https:\/\/federacja.bialystok.pl\/wp-content\/uploads\/2025\/02\/1296x600-860x398.jpg 860w, https:\/\/federacja.bialystok.pl\/wp-content\/uploads\/2025\/02\/1296x600-600x278.jpg 600w, https:\/\/federacja.bialystok.pl\/wp-content\/uploads\/2025\/02\/1296x600.jpg 1296w\" sizes=\"auto, (max-width: 300px) 100vw, 300px\" \/><\/p>\n","protected":false},"excerpt":{"rendered":"<p>Oto kr\u00f3tki film o tym, jak skorzysta\u0107 z Koszyka Us\u0142ug Spo\u0142ecznych, znajduj\u0105cego si\u0119 pod adresem: www.koszykuslugspolecznych.pl https:\/\/federacja.bialystok.pl\/wp-content\/uploads\/2025\/02\/koszyk_filmik.mp4 &nbsp; Partnerem Strategicznym Koszyka Us\u0142ug Spo\u0142ecznych jest Wojew\u00f3dztwo Podlaskie.<\/p>\n","protected":false},"author":3,"featured_media":6177,"comment_status":"open","ping_status":"open","sticky":false,"template":"","format":"standard","meta":{"om_disable_all_campaigns":false,"_monsterinsights_skip_tracking":false,"_monsterinsights_sitenote_active":false,"_monsterinsights_sitenote_note":"","_monsterinsights_sitenote_category":0,"footnotes":""},"categories":[1],"tags":[],"class_list":["post-6235","post","type-post","status-publish","format-standard","has-post-thumbnail","hentry","category-aktualnosci"],"yoast_head":"<!-- This site is optimized with the Yoast SEO plugin v24.5 - https:\/\/yoast.com\/wordpress\/plugins\/seo\/ -->\n<title>Jak skorzysta\u0107 z Koszyka Us\u0142ug Spo\u0142ecznych? - Federacja Organizacji Pozarz\u0105dowych Miasta Bia\u0142ystok<\/title>\n<meta name=\"robots\" content=\"index, follow, max-snippet:-1, max-image-preview:large, max-video-preview:-1\" \/>\n<link rel=\"canonical\" href=\"https:\/\/federacja.bialystok.pl\/index.php\/2025\/02\/20\/jak-skorzystac-z-koszyka-uslug-spolecznych\/\" \/>\n<meta property=\"og:locale\" content=\"pl_PL\" \/>\n<meta property=\"og:type\" content=\"article\" \/>\n<meta property=\"og:title\" content=\"Jak skorzysta\u0107 z Koszyka Us\u0142ug Spo\u0142ecznych? - Federacja Organizacji Pozarz\u0105dowych Miasta Bia\u0142ystok\" \/>\n<meta property=\"og:description\" content=\"Oto kr\u00f3tki film o tym, jak skorzysta\u0107 z Koszyka Us\u0142ug Spo\u0142ecznych, znajduj\u0105cego si\u0119 pod adresem: www.koszykuslugspolecznych.pl https:\/\/federacja.bialystok.pl\/wp-content\/uploads\/2025\/02\/koszyk_filmik.mp4 &nbsp; Partnerem Strategicznym Koszyka Us\u0142ug Spo\u0142ecznych jest Wojew\u00f3dztwo Podlaskie.\" \/>\n<meta property=\"og:url\" content=\"https:\/\/federacja.bialystok.pl\/index.php\/2025\/02\/20\/jak-skorzystac-z-koszyka-uslug-spolecznych\/\" \/>\n<meta property=\"og:site_name\" content=\"Federacja Organizacji Pozarz\u0105dowych Miasta Bia\u0142ystok\" \/>\n<meta property=\"article:published_time\" content=\"2025-02-20T17:11:28+00:00\" \/>\n<meta property=\"article:modified_time\" content=\"2025-02-20T17:16:38+00:00\" \/>\n<meta property=\"og:image\" content=\"https:\/\/federacja.bialystok.pl\/wp-content\/uploads\/2024\/10\/Zrzut-ekranu-2024-10-16-072332.png\" \/>\n\t<meta property=\"og:image:width\" content=\"2287\" \/>\n\t<meta property=\"og:image:height\" content=\"1081\" \/>\n\t<meta property=\"og:image:type\" content=\"image\/png\" \/>\n<meta name=\"author\" content=\"Marta Siemieniuk\" \/>\n<meta name=\"twitter:card\" content=\"summary_large_image\" \/>\n<meta name=\"twitter:label1\" content=\"Napisane przez\" \/>\n\t<meta name=\"twitter:data1\" content=\"Marta Siemieniuk\" \/>\n\t<meta name=\"twitter:label2\" content=\"Szacowany czas czytania\" \/>\n\t<meta name=\"twitter:data2\" content=\"1 minuta\" \/>\n<script type=\"application\/ld+json\" class=\"yoast-schema-graph\">{\"@context\":\"https:\/\/schema.org\",\"@graph\":[{\"@type\":\"Article\",\"@id\":\"https:\/\/federacja.bialystok.pl\/index.php\/2025\/02\/20\/jak-skorzystac-z-koszyka-uslug-spolecznych\/#article\",\"isPartOf\":{\"@id\":\"https:\/\/federacja.bialystok.pl\/index.php\/2025\/02\/20\/jak-skorzystac-z-koszyka-uslug-spolecznych\/\"},\"author\":{\"name\":\"Marta Siemieniuk\",\"@id\":\"https:\/\/federacja.bialystok.pl\/#\/schema\/person\/599d64195854474ec8f01f903675788d\"},\"headline\":\"Jak skorzysta\u0107 z Koszyka Us\u0142ug Spo\u0142ecznych?\",\"datePublished\":\"2025-02-20T17:11:28+00:00\",\"dateModified\":\"2025-02-20T17:16:38+00:00\",\"mainEntityOfPage\":{\"@id\":\"https:\/\/federacja.bialystok.pl\/index.php\/2025\/02\/20\/jak-skorzystac-z-koszyka-uslug-spolecznych\/\"},\"wordCount\":56,\"commentCount\":0,\"publisher\":{\"@id\":\"https:\/\/federacja.bialystok.pl\/#organization\"},\"image\":{\"@id\":\"https:\/\/federacja.bialystok.pl\/index.php\/2025\/02\/20\/jak-skorzystac-z-koszyka-uslug-spolecznych\/#primaryimage\"},\"thumbnailUrl\":\"https:\/\/federacja.bialystok.pl\/wp-content\/uploads\/2024\/10\/Zrzut-ekranu-2024-10-16-072332.png\",\"articleSection\":[\"Aktualno\u015bci\"],\"inLanguage\":\"pl-PL\",\"potentialAction\":[{\"@type\":\"CommentAction\",\"name\":\"Comment\",\"target\":[\"https:\/\/federacja.bialystok.pl\/index.php\/2025\/02\/20\/jak-skorzystac-z-koszyka-uslug-spolecznych\/#respond\"]}]},{\"@type\":\"WebPage\",\"@id\":\"https:\/\/federacja.bialystok.pl\/index.php\/2025\/02\/20\/jak-skorzystac-z-koszyka-uslug-spolecznych\/\",\"url\":\"https:\/\/federacja.bialystok.pl\/index.php\/2025\/02\/20\/jak-skorzystac-z-koszyka-uslug-spolecznych\/\",\"name\":\"Jak skorzysta\u0107 z Koszyka Us\u0142ug Spo\u0142ecznych? - Federacja Organizacji Pozarz\u0105dowych Miasta Bia\u0142ystok\",\"isPartOf\":{\"@id\":\"https:\/\/federacja.bialystok.pl\/#website\"},\"primaryImageOfPage\":{\"@id\":\"https:\/\/federacja.bialystok.pl\/index.php\/2025\/02\/20\/jak-skorzystac-z-koszyka-uslug-spolecznych\/#primaryimage\"},\"image\":{\"@id\":\"https:\/\/federacja.bialystok.pl\/index.php\/2025\/02\/20\/jak-skorzystac-z-koszyka-uslug-spolecznych\/#primaryimage\"},\"thumbnailUrl\":\"https:\/\/federacja.bialystok.pl\/wp-content\/uploads\/2024\/10\/Zrzut-ekranu-2024-10-16-072332.png\",\"datePublished\":\"2025-02-20T17:11:28+00:00\",\"dateModified\":\"2025-02-20T17:16:38+00:00\",\"breadcrumb\":{\"@id\":\"https:\/\/federacja.bialystok.pl\/index.php\/2025\/02\/20\/jak-skorzystac-z-koszyka-uslug-spolecznych\/#breadcrumb\"},\"inLanguage\":\"pl-PL\",\"potentialAction\":[{\"@type\":\"ReadAction\",\"target\":[\"https:\/\/federacja.bialystok.pl\/index.php\/2025\/02\/20\/jak-skorzystac-z-koszyka-uslug-spolecznych\/\"]}]},{\"@type\":\"ImageObject\",\"inLanguage\":\"pl-PL\",\"@id\":\"https:\/\/federacja.bialystok.pl\/index.php\/2025\/02\/20\/jak-skorzystac-z-koszyka-uslug-spolecznych\/#primaryimage\",\"url\":\"https:\/\/federacja.bialystok.pl\/wp-content\/uploads\/2024\/10\/Zrzut-ekranu-2024-10-16-072332.png\",\"contentUrl\":\"https:\/\/federacja.bialystok.pl\/wp-content\/uploads\/2024\/10\/Zrzut-ekranu-2024-10-16-072332.png\",\"width\":2287,\"height\":1081,\"caption\":\"Zrzut ekranu Koszyka Us\u0142ug Spo\u0142ecznych\"},{\"@type\":\"BreadcrumbList\",\"@id\":\"https:\/\/federacja.bialystok.pl\/index.php\/2025\/02\/20\/jak-skorzystac-z-koszyka-uslug-spolecznych\/#breadcrumb\",\"itemListElement\":[{\"@type\":\"ListItem\",\"position\":1,\"name\":\"Strona g\u0142\u00f3wna\",\"item\":\"https:\/\/federacja.bialystok.pl\/\"},{\"@type\":\"ListItem\",\"position\":2,\"name\":\"Jak skorzysta\u0107 z Koszyka Us\u0142ug Spo\u0142ecznych?\"}]},{\"@type\":\"WebSite\",\"@id\":\"https:\/\/federacja.bialystok.pl\/#website\",\"url\":\"https:\/\/federacja.bialystok.pl\/\",\"name\":\"Federacja Organizacji Pozarz\u0105dowych Miasta Bia\u0142ystok\",\"description\":\"\",\"publisher\":{\"@id\":\"https:\/\/federacja.bialystok.pl\/#organization\"},\"potentialAction\":[{\"@type\":\"SearchAction\",\"target\":{\"@type\":\"EntryPoint\",\"urlTemplate\":\"https:\/\/federacja.bialystok.pl\/?s={search_term_string}\"},\"query-input\":{\"@type\":\"PropertyValueSpecification\",\"valueRequired\":true,\"valueName\":\"search_term_string\"}}],\"inLanguage\":\"pl-PL\"},{\"@type\":\"Organization\",\"@id\":\"https:\/\/federacja.bialystok.pl\/#organization\",\"name\":\"Federacja Organizacji Pozarz\u0105dowych Miasta Bia\u0142ystok\",\"url\":\"https:\/\/federacja.bialystok.pl\/\",\"logo\":{\"@type\":\"ImageObject\",\"inLanguage\":\"pl-PL\",\"@id\":\"https:\/\/federacja.bialystok.pl\/#\/schema\/logo\/image\/\",\"url\":\"https:\/\/federacja.bialystok.pl\/wp-content\/uploads\/2017\/11\/cropped-logo_federacja.png\",\"contentUrl\":\"https:\/\/federacja.bialystok.pl\/wp-content\/uploads\/2017\/11\/cropped-logo_federacja.png\",\"width\":428,\"height\":147,\"caption\":\"Federacja Organizacji Pozarz\u0105dowych Miasta Bia\u0142ystok\"},\"image\":{\"@id\":\"https:\/\/federacja.bialystok.pl\/#\/schema\/logo\/image\/\"}},{\"@type\":\"Person\",\"@id\":\"https:\/\/federacja.bialystok.pl\/#\/schema\/person\/599d64195854474ec8f01f903675788d\",\"name\":\"Marta Siemieniuk\",\"image\":{\"@type\":\"ImageObject\",\"inLanguage\":\"pl-PL\",\"@id\":\"https:\/\/federacja.bialystok.pl\/#\/schema\/person\/image\/\",\"url\":\"https:\/\/secure.gravatar.com\/avatar\/6a6428a004f2a8c0e94c03d60047df2a?s=96&d=mm&r=g\",\"contentUrl\":\"https:\/\/secure.gravatar.com\/avatar\/6a6428a004f2a8c0e94c03d60047df2a?s=96&d=mm&r=g\",\"caption\":\"Marta Siemieniuk\"},\"url\":\"https:\/\/federacja.bialystok.pl\/index.php\/author\/marta\/\"}]}<\/script>\n<!-- \/ Yoast SEO plugin. -->","yoast_head_json":{"title":"Jak skorzysta\u0107 z Koszyka Us\u0142ug Spo\u0142ecznych? - Federacja Organizacji Pozarz\u0105dowych Miasta Bia\u0142ystok","robots":{"index":"index","follow":"follow","max-snippet":"max-snippet:-1","max-image-preview":"max-image-preview:large","max-video-preview":"max-video-preview:-1"},"canonical":"https:\/\/federacja.bialystok.pl\/index.php\/2025\/02\/20\/jak-skorzystac-z-koszyka-uslug-spolecznych\/","og_locale":"pl_PL","og_type":"article","og_title":"Jak skorzysta\u0107 z Koszyka Us\u0142ug Spo\u0142ecznych? - Federacja Organizacji Pozarz\u0105dowych Miasta Bia\u0142ystok","og_description":"Oto kr\u00f3tki film o tym, jak skorzysta\u0107 z Koszyka Us\u0142ug Spo\u0142ecznych, znajduj\u0105cego si\u0119 pod adresem: www.koszykuslugspolecznych.pl https:\/\/federacja.bialystok.pl\/wp-content\/uploads\/2025\/02\/koszyk_filmik.mp4 &nbsp; Partnerem Strategicznym Koszyka Us\u0142ug Spo\u0142ecznych jest Wojew\u00f3dztwo Podlaskie.","og_url":"https:\/\/federacja.bialystok.pl\/index.php\/2025\/02\/20\/jak-skorzystac-z-koszyka-uslug-spolecznych\/","og_site_name":"Federacja Organizacji Pozarz\u0105dowych Miasta Bia\u0142ystok","article_published_time":"2025-02-20T17:11:28+00:00","article_modified_time":"2025-02-20T17:16:38+00:00","og_image":[{"width":2287,"height":1081,"url":"https:\/\/federacja.bialystok.pl\/wp-content\/uploads\/2024\/10\/Zrzut-ekranu-2024-10-16-072332.png","type":"image\/png"}],"author":"Marta Siemieniuk","twitter_card":"summary_large_image","twitter_misc":{"Napisane przez":"Marta Siemieniuk","Szacowany czas czytania":"1 minuta"},"schema":{"@context":"https:\/\/schema.org","@graph":[{"@type":"Article","@id":"https:\/\/federacja.bialystok.pl\/index.php\/2025\/02\/20\/jak-skorzystac-z-koszyka-uslug-spolecznych\/#article","isPartOf":{"@id":"https:\/\/federacja.bialystok.pl\/index.php\/2025\/02\/20\/jak-skorzystac-z-koszyka-uslug-spolecznych\/"},"author":{"name":"Marta Siemieniuk","@id":"https:\/\/federacja.bialystok.pl\/#\/schema\/person\/599d64195854474ec8f01f903675788d"},"headline":"Jak skorzysta\u0107 z Koszyka Us\u0142ug Spo\u0142ecznych?","datePublished":"2025-02-20T17:11:28+00:00","dateModified":"2025-02-20T17:16:38+00:00","mainEntityOfPage":{"@id":"https:\/\/federacja.bialystok.pl\/index.php\/2025\/02\/20\/jak-skorzystac-z-koszyka-uslug-spolecznych\/"},"wordCount":56,"commentCount":0,"publisher":{"@id":"https:\/\/federacja.bialystok.pl\/#organization"},"image":{"@id":"https:\/\/federacja.bialystok.pl\/index.php\/2025\/02\/20\/jak-skorzystac-z-koszyka-uslug-spolecznych\/#primaryimage"},"thumbnailUrl":"https:\/\/federacja.bialystok.pl\/wp-content\/uploads\/2024\/10\/Zrzut-ekranu-2024-10-16-072332.png","articleSection":["Aktualno\u015bci"],"inLanguage":"pl-PL","potentialAction":[{"@type":"CommentAction","name":"Comment","target":["https:\/\/federacja.bialystok.pl\/index.php\/2025\/02\/20\/jak-skorzystac-z-koszyka-uslug-spolecznych\/#respond"]}]},{"@type":"WebPage","@id":"https:\/\/federacja.bialystok.pl\/index.php\/2025\/02\/20\/jak-skorzystac-z-koszyka-uslug-spolecznych\/","url":"https:\/\/federacja.bialystok.pl\/index.php\/2025\/02\/20\/jak-skorzystac-z-koszyka-uslug-spolecznych\/","name":"Jak skorzysta\u0107 z Koszyka Us\u0142ug Spo\u0142ecznych? - Federacja Organizacji Pozarz\u0105dowych Miasta Bia\u0142ystok","isPartOf":{"@id":"https:\/\/federacja.bialystok.pl\/#website"},"primaryImageOfPage":{"@id":"https:\/\/federacja.bialystok.pl\/index.php\/2025\/02\/20\/jak-skorzystac-z-koszyka-uslug-spolecznych\/#primaryimage"},"image":{"@id":"https:\/\/federacja.bialystok.pl\/index.php\/2025\/02\/20\/jak-skorzystac-z-koszyka-uslug-spolecznych\/#primaryimage"},"thumbnailUrl":"https:\/\/federacja.bialystok.pl\/wp-content\/uploads\/2024\/10\/Zrzut-ekranu-2024-10-16-072332.png","datePublished":"2025-02-20T17:11:28+00:00","dateModified":"2025-02-20T17:16:38+00:00","breadcrumb":{"@id":"https:\/\/federacja.bialystok.pl\/index.php\/2025\/02\/20\/jak-skorzystac-z-koszyka-uslug-spolecznych\/#breadcrumb"},"inLanguage":"pl-PL","potentialAction":[{"@type":"ReadAction","target":["https:\/\/federacja.bialystok.pl\/index.php\/2025\/02\/20\/jak-skorzystac-z-koszyka-uslug-spolecznych\/"]}]},{"@type":"ImageObject","inLanguage":"pl-PL","@id":"https:\/\/federacja.bialystok.pl\/index.php\/2025\/02\/20\/jak-skorzystac-z-koszyka-uslug-spolecznych\/#primaryimage","url":"https:\/\/federacja.bialystok.pl\/wp-content\/uploads\/2024\/10\/Zrzut-ekranu-2024-10-16-072332.png","contentUrl":"https:\/\/federacja.bialystok.pl\/wp-content\/uploads\/2024\/10\/Zrzut-ekranu-2024-10-16-072332.png","width":2287,"height":1081,"caption":"Zrzut ekranu Koszyka Us\u0142ug Spo\u0142ecznych"},{"@type":"BreadcrumbList","@id":"https:\/\/federacja.bialystok.pl\/index.php\/2025\/02\/20\/jak-skorzystac-z-koszyka-uslug-spolecznych\/#breadcrumb","itemListElement":[{"@type":"ListItem","position":1,"name":"Strona g\u0142\u00f3wna","item":"https:\/\/federacja.bialystok.pl\/"},{"@type":"ListItem","position":2,"name":"Jak skorzysta\u0107 z Koszyka Us\u0142ug Spo\u0142ecznych?"}]},{"@type":"WebSite","@id":"https:\/\/federacja.bialystok.pl\/#website","url":"https:\/\/federacja.bialystok.pl\/","name":"Federacja Organizacji Pozarz\u0105dowych Miasta Bia\u0142ystok","description":"","publisher":{"@id":"https:\/\/federacja.bialystok.pl\/#organization"},"potentialAction":[{"@type":"SearchAction","target":{"@type":"EntryPoint","urlTemplate":"https:\/\/federacja.bialystok.pl\/?s={search_term_string}"},"query-input":{"@type":"PropertyValueSpecification","valueRequired":true,"valueName":"search_term_string"}}],"inLanguage":"pl-PL"},{"@type":"Organization","@id":"https:\/\/federacja.bialystok.pl\/#organization","name":"Federacja Organizacji Pozarz\u0105dowych Miasta Bia\u0142ystok","url":"https:\/\/federacja.bialystok.pl\/","logo":{"@type":"ImageObject","inLanguage":"pl-PL","@id":"https:\/\/federacja.bialystok.pl\/#\/schema\/logo\/image\/","url":"https:\/\/federacja.bialystok.pl\/wp-content\/uploads\/2017\/11\/cropped-logo_federacja.png","contentUrl":"https:\/\/federacja.bialystok.pl\/wp-content\/uploads\/2017\/11\/cropped-logo_federacja.png","width":428,"height":147,"caption":"Federacja Organizacji Pozarz\u0105dowych Miasta Bia\u0142ystok"},"image":{"@id":"https:\/\/federacja.bialystok.pl\/#\/schema\/logo\/image\/"}},{"@type":"Person","@id":"https:\/\/federacja.bialystok.pl\/#\/schema\/person\/599d64195854474ec8f01f903675788d","name":"Marta Siemieniuk","image":{"@type":"ImageObject","inLanguage":"pl-PL","@id":"https:\/\/federacja.bialystok.pl\/#\/schema\/person\/image\/","url":"https:\/\/secure.gravatar.com\/avatar\/6a6428a004f2a8c0e94c03d60047df2a?s=96&d=mm&r=g","contentUrl":"https:\/\/secure.gravatar.com\/avatar\/6a6428a004f2a8c0e94c03d60047df2a?s=96&d=mm&r=g","caption":"Marta Siemieniuk"},"url":"https:\/\/federacja.bialystok.pl\/index.php\/author\/marta\/"}]}},"_links":{"self":[{"href":"https:\/\/federacja.bialystok.pl\/index.php\/wp-json\/wp\/v2\/posts\/6235","targetHints":{"allow":["GET"]}}],"collection":[{"href":"https:\/\/federacja.bialystok.pl\/index.php\/wp-json\/wp\/v2\/posts"}],"about":[{"href":"https:\/\/federacja.bialystok.pl\/index.php\/wp-json\/wp\/v2\/types\/post"}],"author":[{"embeddable":true,"href":"https:\/\/federacja.bialystok.pl\/index.php\/wp-json\/wp\/v2\/users\/3"}],"replies":[{"embeddable":true,"href":"https:\/\/federacja.bialystok.pl\/index.php\/wp-json\/wp\/v2\/comments?post=6235"}],"version-history":[{"count":2,"href":"https:\/\/federacja.bialystok.pl\/index.php\/wp-json\/wp\/v2\/posts\/6235\/revisions"}],"predecessor-version":[{"id":6238,"href":"https:\/\/federacja.bialystok.pl\/index.php\/wp-json\/wp\/v2\/posts\/6235\/revisions\/6238"}],"wp:featuredmedia":[{"embeddable":true,"href":"https:\/\/federacja.bialystok.pl\/index.php\/wp-json\/wp\/v2\/media\/6177"}],"wp:attachment":[{"href":"https:\/\/federacja.bialystok.pl\/index.php\/wp-json\/wp\/v2\/media?parent=6235"}],"wp:term":[{"taxonomy":"category","embeddable":true,"href":"https:\/\/federacja.bialystok.pl\/index.php\/wp-json\/wp\/v2\/categories?post=6235"},{"taxonomy":"post_tag","embeddable":true,"href":"https:\/\/federacja.bialystok.pl\/index.php\/wp-json\/wp\/v2\/tags?post=6235"}],"curies":[{"name":"wp","href":"https:\/\/api.w.org\/{rel}","templated":true}]}}