{"id":6196,"date":"2024-11-15T07:54:42","date_gmt":"2024-11-15T06:54:42","guid":{"rendered":"https:\/\/federacja.bialystok.pl\/?p=6196"},"modified":"2024-11-15T07:59:55","modified_gmt":"2024-11-15T06:59:55","slug":"zaproszenie-na-miejska-gale-wolontariatu-2024-uskrzydleni-wolontariatem","status":"publish","type":"post","link":"https:\/\/federacja.bialystok.pl\/index.php\/2024\/11\/15\/zaproszenie-na-miejska-gale-wolontariatu-2024-uskrzydleni-wolontariatem\/","title":{"rendered":"Zaproszenie na Miejsk\u0105 Gal\u0119 Wolontariatu 2024 &#8222;Uskrzydleni wolontariatem&#8221;"},"content":{"rendered":"<p>W zwi\u0105zku z obchodami Mi\u0119dzynarodowego Dnia Wolontariatu, dla podkre\u015blenia znacz\u0105cej roli ochotnik\u00f3w w rozwoju spo\u0142eczno\u015bciach lokalnych, Prezydent Miasta Bia\u0142egostoku wraz z Federacj\u0105 Organizacji Pozarz\u0105dowych Miasta Bia\u0142ystok oraz Hufcem ZHP im. hm. Stanis\u0142awa Moniuszki zapraszaj\u0105 przedstawicieli organizacji pozarz\u0105dowych na uroczysto\u015b\u0107 pod nazw\u0105\u00a0<b>Gala Wolontariatu 2024 Uskrzydleni Wolontariatem<\/b>. Wydarzenie odb\u0119dzie si\u0119\u00a0<b>9 grudnia<\/b>\u00a02024 r. o godz.\u00a0<b>17.00<\/b>\u00a0na Stadionie Miejskim Chorten Arena w Bia\u0142ymstoku\u00a0przy\u00a0ul. S\u0142onecznej 1.<\/p>\n<p>Organizatorzy zach\u0119caj\u0105 do uhonorowania pe\u0142noletnich wolontariuszek i wolontariuszy oraz ich koordynator\u00f3w szczeg\u00f3lnie aktywnych w 2024 roku na rzecz mieszka\u0144c\u00f3w Miasta. W tym celu nale\u017cy przekaza\u0107 imiona i nazwiska os\u00f3b wytypowanych do wyr\u00f3\u017cnienia w terminie do 27 listopada 2024 r. Po\u00a0tym terminie lista zostanie zamkni\u0119ta. Wskazane wolontariuszki i wolontariusze nie powinni by\u0107 pracownikami Pa\u0144stwa organizacji.<\/p>\n<p><a href=\"https:\/\/docs.google.com\/forms\/d\/e\/1FAIpQLSeCR7zGLm_PmynaAg-lsCY5wd0bF1B04ZGrKxRoj78aMxVD9Q\/viewform?vc=0&amp;c=0&amp;w=1&amp;flr=0\" target=\"_blank\" rel=\"noopener\"><strong>Link do Formularza Google<\/strong><\/a><\/p>\n","protected":false},"excerpt":{"rendered":"<p>W zwi\u0105zku z obchodami Mi\u0119dzynarodowego Dnia Wolontariatu, dla podkre\u015blenia znacz\u0105cej roli ochotnik\u00f3w w rozwoju spo\u0142eczno\u015bciach lokalnych, Prezydent Miasta Bia\u0142egostoku wraz z Federacj\u0105 Organizacji Pozarz\u0105dowych Miasta Bia\u0142ystok oraz Hufcem ZHP im. hm. Stanis\u0142awa Moniuszki zapraszaj\u0105 przedstawicieli organizacji pozarz\u0105dowych na uroczysto\u015b\u0107 pod nazw\u0105\u00a0Gala Wolontariatu 2024 Uskrzydleni Wolontariatem. Wydarzenie odb\u0119dzie si\u0119\u00a09 grudnia\u00a02024 r. [&hellip;]<\/p>\n","protected":false},"author":3,"featured_media":6200,"comment_status":"open","ping_status":"open","sticky":false,"template":"","format":"standard","meta":{"om_disable_all_campaigns":false,"_monsterinsights_skip_tracking":false,"_monsterinsights_sitenote_active":false,"_monsterinsights_sitenote_note":"","_monsterinsights_sitenote_category":0,"footnotes":""},"categories":[1],"tags":[],"class_list":["post-6196","post","type-post","status-publish","format-standard","has-post-thumbnail","hentry","category-aktualnosci"],"yoast_head":"<!-- This site is optimized with the Yoast SEO plugin v24.5 - https:\/\/yoast.com\/wordpress\/plugins\/seo\/ -->\n<title>Zaproszenie na Miejsk\u0105 Gal\u0119 Wolontariatu 2024 &quot;Uskrzydleni wolontariatem&quot; - Federacja Organizacji Pozarz\u0105dowych Miasta Bia\u0142ystok<\/title>\n<meta name=\"robots\" content=\"index, follow, max-snippet:-1, max-image-preview:large, max-video-preview:-1\" \/>\n<link rel=\"canonical\" href=\"https:\/\/federacja.bialystok.pl\/index.php\/2024\/11\/15\/zaproszenie-na-miejska-gale-wolontariatu-2024-uskrzydleni-wolontariatem\/\" \/>\n<meta property=\"og:locale\" content=\"pl_PL\" \/>\n<meta property=\"og:type\" content=\"article\" \/>\n<meta property=\"og:title\" content=\"Zaproszenie na Miejsk\u0105 Gal\u0119 Wolontariatu 2024 &quot;Uskrzydleni wolontariatem&quot; - Federacja Organizacji Pozarz\u0105dowych Miasta Bia\u0142ystok\" \/>\n<meta property=\"og:description\" content=\"W zwi\u0105zku z obchodami Mi\u0119dzynarodowego Dnia Wolontariatu, dla podkre\u015blenia znacz\u0105cej roli ochotnik\u00f3w w rozwoju spo\u0142eczno\u015bciach lokalnych, Prezydent Miasta Bia\u0142egostoku wraz z Federacj\u0105 Organizacji Pozarz\u0105dowych Miasta Bia\u0142ystok oraz Hufcem ZHP im. hm. Stanis\u0142awa Moniuszki zapraszaj\u0105 przedstawicieli organizacji pozarz\u0105dowych na uroczysto\u015b\u0107 pod nazw\u0105\u00a0Gala Wolontariatu 2024 Uskrzydleni Wolontariatem. Wydarzenie odb\u0119dzie si\u0119\u00a09 grudnia\u00a02024 r. [&hellip;]\" \/>\n<meta property=\"og:url\" content=\"https:\/\/federacja.bialystok.pl\/index.php\/2024\/11\/15\/zaproszenie-na-miejska-gale-wolontariatu-2024-uskrzydleni-wolontariatem\/\" \/>\n<meta property=\"og:site_name\" content=\"Federacja Organizacji Pozarz\u0105dowych Miasta Bia\u0142ystok\" \/>\n<meta property=\"article:published_time\" content=\"2024-11-15T06:54:42+00:00\" \/>\n<meta property=\"article:modified_time\" content=\"2024-11-15T06:59:55+00:00\" \/>\n<meta property=\"og:image\" content=\"https:\/\/federacja.bialystok.pl\/wp-content\/uploads\/2024\/11\/women-6879774_1920.jpg\" \/>\n\t<meta property=\"og:image:width\" content=\"1920\" \/>\n\t<meta property=\"og:image:height\" content=\"1310\" \/>\n\t<meta property=\"og:image:type\" content=\"image\/jpeg\" \/>\n<meta name=\"author\" content=\"Marta Siemieniuk\" \/>\n<meta name=\"twitter:card\" content=\"summary_large_image\" \/>\n<meta name=\"twitter:label1\" content=\"Napisane przez\" \/>\n\t<meta name=\"twitter:data1\" content=\"Marta Siemieniuk\" \/>\n\t<meta name=\"twitter:label2\" content=\"Szacowany czas czytania\" \/>\n\t<meta name=\"twitter:data2\" content=\"1 minuta\" \/>\n<script type=\"application\/ld+json\" class=\"yoast-schema-graph\">{\"@context\":\"https:\/\/schema.org\",\"@graph\":[{\"@type\":\"Article\",\"@id\":\"https:\/\/federacja.bialystok.pl\/index.php\/2024\/11\/15\/zaproszenie-na-miejska-gale-wolontariatu-2024-uskrzydleni-wolontariatem\/#article\",\"isPartOf\":{\"@id\":\"https:\/\/federacja.bialystok.pl\/index.php\/2024\/11\/15\/zaproszenie-na-miejska-gale-wolontariatu-2024-uskrzydleni-wolontariatem\/\"},\"author\":{\"name\":\"Marta Siemieniuk\",\"@id\":\"https:\/\/federacja.bialystok.pl\/#\/schema\/person\/599d64195854474ec8f01f903675788d\"},\"headline\":\"Zaproszenie na Miejsk\u0105 Gal\u0119 Wolontariatu 2024 &#8222;Uskrzydleni wolontariatem&#8221;\",\"datePublished\":\"2024-11-15T06:54:42+00:00\",\"dateModified\":\"2024-11-15T06:59:55+00:00\",\"mainEntityOfPage\":{\"@id\":\"https:\/\/federacja.bialystok.pl\/index.php\/2024\/11\/15\/zaproszenie-na-miejska-gale-wolontariatu-2024-uskrzydleni-wolontariatem\/\"},\"wordCount\":151,\"commentCount\":0,\"publisher\":{\"@id\":\"https:\/\/federacja.bialystok.pl\/#organization\"},\"image\":{\"@id\":\"https:\/\/federacja.bialystok.pl\/index.php\/2024\/11\/15\/zaproszenie-na-miejska-gale-wolontariatu-2024-uskrzydleni-wolontariatem\/#primaryimage\"},\"thumbnailUrl\":\"https:\/\/federacja.bialystok.pl\/wp-content\/uploads\/2024\/11\/women-6879774_1920.jpg\",\"articleSection\":[\"Aktualno\u015bci\"],\"inLanguage\":\"pl-PL\",\"potentialAction\":[{\"@type\":\"CommentAction\",\"name\":\"Comment\",\"target\":[\"https:\/\/federacja.bialystok.pl\/index.php\/2024\/11\/15\/zaproszenie-na-miejska-gale-wolontariatu-2024-uskrzydleni-wolontariatem\/#respond\"]}]},{\"@type\":\"WebPage\",\"@id\":\"https:\/\/federacja.bialystok.pl\/index.php\/2024\/11\/15\/zaproszenie-na-miejska-gale-wolontariatu-2024-uskrzydleni-wolontariatem\/\",\"url\":\"https:\/\/federacja.bialystok.pl\/index.php\/2024\/11\/15\/zaproszenie-na-miejska-gale-wolontariatu-2024-uskrzydleni-wolontariatem\/\",\"name\":\"Zaproszenie na Miejsk\u0105 Gal\u0119 Wolontariatu 2024 \\\"Uskrzydleni wolontariatem\\\" - Federacja Organizacji Pozarz\u0105dowych Miasta Bia\u0142ystok\",\"isPartOf\":{\"@id\":\"https:\/\/federacja.bialystok.pl\/#website\"},\"primaryImageOfPage\":{\"@id\":\"https:\/\/federacja.bialystok.pl\/index.php\/2024\/11\/15\/zaproszenie-na-miejska-gale-wolontariatu-2024-uskrzydleni-wolontariatem\/#primaryimage\"},\"image\":{\"@id\":\"https:\/\/federacja.bialystok.pl\/index.php\/2024\/11\/15\/zaproszenie-na-miejska-gale-wolontariatu-2024-uskrzydleni-wolontariatem\/#primaryimage\"},\"thumbnailUrl\":\"https:\/\/federacja.bialystok.pl\/wp-content\/uploads\/2024\/11\/women-6879774_1920.jpg\",\"datePublished\":\"2024-11-15T06:54:42+00:00\",\"dateModified\":\"2024-11-15T06:59:55+00:00\",\"breadcrumb\":{\"@id\":\"https:\/\/federacja.bialystok.pl\/index.php\/2024\/11\/15\/zaproszenie-na-miejska-gale-wolontariatu-2024-uskrzydleni-wolontariatem\/#breadcrumb\"},\"inLanguage\":\"pl-PL\",\"potentialAction\":[{\"@type\":\"ReadAction\",\"target\":[\"https:\/\/federacja.bialystok.pl\/index.php\/2024\/11\/15\/zaproszenie-na-miejska-gale-wolontariatu-2024-uskrzydleni-wolontariatem\/\"]}]},{\"@type\":\"ImageObject\",\"inLanguage\":\"pl-PL\",\"@id\":\"https:\/\/federacja.bialystok.pl\/index.php\/2024\/11\/15\/zaproszenie-na-miejska-gale-wolontariatu-2024-uskrzydleni-wolontariatem\/#primaryimage\",\"url\":\"https:\/\/federacja.bialystok.pl\/wp-content\/uploads\/2024\/11\/women-6879774_1920.jpg\",\"contentUrl\":\"https:\/\/federacja.bialystok.pl\/wp-content\/uploads\/2024\/11\/women-6879774_1920.jpg\",\"width\":1920,\"height\":1310},{\"@type\":\"BreadcrumbList\",\"@id\":\"https:\/\/federacja.bialystok.pl\/index.php\/2024\/11\/15\/zaproszenie-na-miejska-gale-wolontariatu-2024-uskrzydleni-wolontariatem\/#breadcrumb\",\"itemListElement\":[{\"@type\":\"ListItem\",\"position\":1,\"name\":\"Strona g\u0142\u00f3wna\",\"item\":\"https:\/\/federacja.bialystok.pl\/\"},{\"@type\":\"ListItem\",\"position\":2,\"name\":\"Zaproszenie na Miejsk\u0105 Gal\u0119 Wolontariatu 2024 &#8222;Uskrzydleni wolontariatem&#8221;\"}]},{\"@type\":\"WebSite\",\"@id\":\"https:\/\/federacja.bialystok.pl\/#website\",\"url\":\"https:\/\/federacja.bialystok.pl\/\",\"name\":\"Federacja Organizacji Pozarz\u0105dowych Miasta Bia\u0142ystok\",\"description\":\"\",\"publisher\":{\"@id\":\"https:\/\/federacja.bialystok.pl\/#organization\"},\"potentialAction\":[{\"@type\":\"SearchAction\",\"target\":{\"@type\":\"EntryPoint\",\"urlTemplate\":\"https:\/\/federacja.bialystok.pl\/?s={search_term_string}\"},\"query-input\":{\"@type\":\"PropertyValueSpecification\",\"valueRequired\":true,\"valueName\":\"search_term_string\"}}],\"inLanguage\":\"pl-PL\"},{\"@type\":\"Organization\",\"@id\":\"https:\/\/federacja.bialystok.pl\/#organization\",\"name\":\"Federacja Organizacji Pozarz\u0105dowych Miasta Bia\u0142ystok\",\"url\":\"https:\/\/federacja.bialystok.pl\/\",\"logo\":{\"@type\":\"ImageObject\",\"inLanguage\":\"pl-PL\",\"@id\":\"https:\/\/federacja.bialystok.pl\/#\/schema\/logo\/image\/\",\"url\":\"https:\/\/federacja.bialystok.pl\/wp-content\/uploads\/2017\/11\/cropped-logo_federacja.png\",\"contentUrl\":\"https:\/\/federacja.bialystok.pl\/wp-content\/uploads\/2017\/11\/cropped-logo_federacja.png\",\"width\":428,\"height\":147,\"caption\":\"Federacja Organizacji Pozarz\u0105dowych Miasta Bia\u0142ystok\"},\"image\":{\"@id\":\"https:\/\/federacja.bialystok.pl\/#\/schema\/logo\/image\/\"}},{\"@type\":\"Person\",\"@id\":\"https:\/\/federacja.bialystok.pl\/#\/schema\/person\/599d64195854474ec8f01f903675788d\",\"name\":\"Marta Siemieniuk\",\"image\":{\"@type\":\"ImageObject\",\"inLanguage\":\"pl-PL\",\"@id\":\"https:\/\/federacja.bialystok.pl\/#\/schema\/person\/image\/\",\"url\":\"https:\/\/secure.gravatar.com\/avatar\/6a6428a004f2a8c0e94c03d60047df2a?s=96&d=mm&r=g\",\"contentUrl\":\"https:\/\/secure.gravatar.com\/avatar\/6a6428a004f2a8c0e94c03d60047df2a?s=96&d=mm&r=g\",\"caption\":\"Marta Siemieniuk\"},\"url\":\"https:\/\/federacja.bialystok.pl\/index.php\/author\/marta\/\"}]}<\/script>\n<!-- \/ Yoast SEO plugin. -->","yoast_head_json":{"title":"Zaproszenie na Miejsk\u0105 Gal\u0119 Wolontariatu 2024 \"Uskrzydleni wolontariatem\" - Federacja Organizacji Pozarz\u0105dowych Miasta Bia\u0142ystok","robots":{"index":"index","follow":"follow","max-snippet":"max-snippet:-1","max-image-preview":"max-image-preview:large","max-video-preview":"max-video-preview:-1"},"canonical":"https:\/\/federacja.bialystok.pl\/index.php\/2024\/11\/15\/zaproszenie-na-miejska-gale-wolontariatu-2024-uskrzydleni-wolontariatem\/","og_locale":"pl_PL","og_type":"article","og_title":"Zaproszenie na Miejsk\u0105 Gal\u0119 Wolontariatu 2024 \"Uskrzydleni wolontariatem\" - Federacja Organizacji Pozarz\u0105dowych Miasta Bia\u0142ystok","og_description":"W zwi\u0105zku z obchodami Mi\u0119dzynarodowego Dnia Wolontariatu, dla podkre\u015blenia znacz\u0105cej roli ochotnik\u00f3w w rozwoju spo\u0142eczno\u015bciach lokalnych, Prezydent Miasta Bia\u0142egostoku wraz z Federacj\u0105 Organizacji Pozarz\u0105dowych Miasta Bia\u0142ystok oraz Hufcem ZHP im. hm. Stanis\u0142awa Moniuszki zapraszaj\u0105 przedstawicieli organizacji pozarz\u0105dowych na uroczysto\u015b\u0107 pod nazw\u0105\u00a0Gala Wolontariatu 2024 Uskrzydleni Wolontariatem. Wydarzenie odb\u0119dzie si\u0119\u00a09 grudnia\u00a02024 r. [&hellip;]","og_url":"https:\/\/federacja.bialystok.pl\/index.php\/2024\/11\/15\/zaproszenie-na-miejska-gale-wolontariatu-2024-uskrzydleni-wolontariatem\/","og_site_name":"Federacja Organizacji Pozarz\u0105dowych Miasta Bia\u0142ystok","article_published_time":"2024-11-15T06:54:42+00:00","article_modified_time":"2024-11-15T06:59:55+00:00","og_image":[{"width":1920,"height":1310,"url":"https:\/\/federacja.bialystok.pl\/wp-content\/uploads\/2024\/11\/women-6879774_1920.jpg","type":"image\/jpeg"}],"author":"Marta Siemieniuk","twitter_card":"summary_large_image","twitter_misc":{"Napisane przez":"Marta Siemieniuk","Szacowany czas czytania":"1 minuta"},"schema":{"@context":"https:\/\/schema.org","@graph":[{"@type":"Article","@id":"https:\/\/federacja.bialystok.pl\/index.php\/2024\/11\/15\/zaproszenie-na-miejska-gale-wolontariatu-2024-uskrzydleni-wolontariatem\/#article","isPartOf":{"@id":"https:\/\/federacja.bialystok.pl\/index.php\/2024\/11\/15\/zaproszenie-na-miejska-gale-wolontariatu-2024-uskrzydleni-wolontariatem\/"},"author":{"name":"Marta Siemieniuk","@id":"https:\/\/federacja.bialystok.pl\/#\/schema\/person\/599d64195854474ec8f01f903675788d"},"headline":"Zaproszenie na Miejsk\u0105 Gal\u0119 Wolontariatu 2024 &#8222;Uskrzydleni wolontariatem&#8221;","datePublished":"2024-11-15T06:54:42+00:00","dateModified":"2024-11-15T06:59:55+00:00","mainEntityOfPage":{"@id":"https:\/\/federacja.bialystok.pl\/index.php\/2024\/11\/15\/zaproszenie-na-miejska-gale-wolontariatu-2024-uskrzydleni-wolontariatem\/"},"wordCount":151,"commentCount":0,"publisher":{"@id":"https:\/\/federacja.bialystok.pl\/#organization"},"image":{"@id":"https:\/\/federacja.bialystok.pl\/index.php\/2024\/11\/15\/zaproszenie-na-miejska-gale-wolontariatu-2024-uskrzydleni-wolontariatem\/#primaryimage"},"thumbnailUrl":"https:\/\/federacja.bialystok.pl\/wp-content\/uploads\/2024\/11\/women-6879774_1920.jpg","articleSection":["Aktualno\u015bci"],"inLanguage":"pl-PL","potentialAction":[{"@type":"CommentAction","name":"Comment","target":["https:\/\/federacja.bialystok.pl\/index.php\/2024\/11\/15\/zaproszenie-na-miejska-gale-wolontariatu-2024-uskrzydleni-wolontariatem\/#respond"]}]},{"@type":"WebPage","@id":"https:\/\/federacja.bialystok.pl\/index.php\/2024\/11\/15\/zaproszenie-na-miejska-gale-wolontariatu-2024-uskrzydleni-wolontariatem\/","url":"https:\/\/federacja.bialystok.pl\/index.php\/2024\/11\/15\/zaproszenie-na-miejska-gale-wolontariatu-2024-uskrzydleni-wolontariatem\/","name":"Zaproszenie na Miejsk\u0105 Gal\u0119 Wolontariatu 2024 \"Uskrzydleni wolontariatem\" - Federacja Organizacji Pozarz\u0105dowych Miasta Bia\u0142ystok","isPartOf":{"@id":"https:\/\/federacja.bialystok.pl\/#website"},"primaryImageOfPage":{"@id":"https:\/\/federacja.bialystok.pl\/index.php\/2024\/11\/15\/zaproszenie-na-miejska-gale-wolontariatu-2024-uskrzydleni-wolontariatem\/#primaryimage"},"image":{"@id":"https:\/\/federacja.bialystok.pl\/index.php\/2024\/11\/15\/zaproszenie-na-miejska-gale-wolontariatu-2024-uskrzydleni-wolontariatem\/#primaryimage"},"thumbnailUrl":"https:\/\/federacja.bialystok.pl\/wp-content\/uploads\/2024\/11\/women-6879774_1920.jpg","datePublished":"2024-11-15T06:54:42+00:00","dateModified":"2024-11-15T06:59:55+00:00","breadcrumb":{"@id":"https:\/\/federacja.bialystok.pl\/index.php\/2024\/11\/15\/zaproszenie-na-miejska-gale-wolontariatu-2024-uskrzydleni-wolontariatem\/#breadcrumb"},"inLanguage":"pl-PL","potentialAction":[{"@type":"ReadAction","target":["https:\/\/federacja.bialystok.pl\/index.php\/2024\/11\/15\/zaproszenie-na-miejska-gale-wolontariatu-2024-uskrzydleni-wolontariatem\/"]}]},{"@type":"ImageObject","inLanguage":"pl-PL","@id":"https:\/\/federacja.bialystok.pl\/index.php\/2024\/11\/15\/zaproszenie-na-miejska-gale-wolontariatu-2024-uskrzydleni-wolontariatem\/#primaryimage","url":"https:\/\/federacja.bialystok.pl\/wp-content\/uploads\/2024\/11\/women-6879774_1920.jpg","contentUrl":"https:\/\/federacja.bialystok.pl\/wp-content\/uploads\/2024\/11\/women-6879774_1920.jpg","width":1920,"height":1310},{"@type":"BreadcrumbList","@id":"https:\/\/federacja.bialystok.pl\/index.php\/2024\/11\/15\/zaproszenie-na-miejska-gale-wolontariatu-2024-uskrzydleni-wolontariatem\/#breadcrumb","itemListElement":[{"@type":"ListItem","position":1,"name":"Strona g\u0142\u00f3wna","item":"https:\/\/federacja.bialystok.pl\/"},{"@type":"ListItem","position":2,"name":"Zaproszenie na Miejsk\u0105 Gal\u0119 Wolontariatu 2024 &#8222;Uskrzydleni wolontariatem&#8221;"}]},{"@type":"WebSite","@id":"https:\/\/federacja.bialystok.pl\/#website","url":"https:\/\/federacja.bialystok.pl\/","name":"Federacja Organizacji Pozarz\u0105dowych Miasta Bia\u0142ystok","description":"","publisher":{"@id":"https:\/\/federacja.bialystok.pl\/#organization"},"potentialAction":[{"@type":"SearchAction","target":{"@type":"EntryPoint","urlTemplate":"https:\/\/federacja.bialystok.pl\/?s={search_term_string}"},"query-input":{"@type":"PropertyValueSpecification","valueRequired":true,"valueName":"search_term_string"}}],"inLanguage":"pl-PL"},{"@type":"Organization","@id":"https:\/\/federacja.bialystok.pl\/#organization","name":"Federacja Organizacji Pozarz\u0105dowych Miasta Bia\u0142ystok","url":"https:\/\/federacja.bialystok.pl\/","logo":{"@type":"ImageObject","inLanguage":"pl-PL","@id":"https:\/\/federacja.bialystok.pl\/#\/schema\/logo\/image\/","url":"https:\/\/federacja.bialystok.pl\/wp-content\/uploads\/2017\/11\/cropped-logo_federacja.png","contentUrl":"https:\/\/federacja.bialystok.pl\/wp-content\/uploads\/2017\/11\/cropped-logo_federacja.png","width":428,"height":147,"caption":"Federacja Organizacji Pozarz\u0105dowych Miasta Bia\u0142ystok"},"image":{"@id":"https:\/\/federacja.bialystok.pl\/#\/schema\/logo\/image\/"}},{"@type":"Person","@id":"https:\/\/federacja.bialystok.pl\/#\/schema\/person\/599d64195854474ec8f01f903675788d","name":"Marta Siemieniuk","image":{"@type":"ImageObject","inLanguage":"pl-PL","@id":"https:\/\/federacja.bialystok.pl\/#\/schema\/person\/image\/","url":"https:\/\/secure.gravatar.com\/avatar\/6a6428a004f2a8c0e94c03d60047df2a?s=96&d=mm&r=g","contentUrl":"https:\/\/secure.gravatar.com\/avatar\/6a6428a004f2a8c0e94c03d60047df2a?s=96&d=mm&r=g","caption":"Marta Siemieniuk"},"url":"https:\/\/federacja.bialystok.pl\/index.php\/author\/marta\/"}]}},"_links":{"self":[{"href":"https:\/\/federacja.bialystok.pl\/index.php\/wp-json\/wp\/v2\/posts\/6196","targetHints":{"allow":["GET"]}}],"collection":[{"href":"https:\/\/federacja.bialystok.pl\/index.php\/wp-json\/wp\/v2\/posts"}],"about":[{"href":"https:\/\/federacja.bialystok.pl\/index.php\/wp-json\/wp\/v2\/types\/post"}],"author":[{"embeddable":true,"href":"https:\/\/federacja.bialystok.pl\/index.php\/wp-json\/wp\/v2\/users\/3"}],"replies":[{"embeddable":true,"href":"https:\/\/federacja.bialystok.pl\/index.php\/wp-json\/wp\/v2\/comments?post=6196"}],"version-history":[{"count":1,"href":"https:\/\/federacja.bialystok.pl\/index.php\/wp-json\/wp\/v2\/posts\/6196\/revisions"}],"predecessor-version":[{"id":6198,"href":"https:\/\/federacja.bialystok.pl\/index.php\/wp-json\/wp\/v2\/posts\/6196\/revisions\/6198"}],"wp:featuredmedia":[{"embeddable":true,"href":"https:\/\/federacja.bialystok.pl\/index.php\/wp-json\/wp\/v2\/media\/6200"}],"wp:attachment":[{"href":"https:\/\/federacja.bialystok.pl\/index.php\/wp-json\/wp\/v2\/media?parent=6196"}],"wp:term":[{"taxonomy":"category","embeddable":true,"href":"https:\/\/federacja.bialystok.pl\/index.php\/wp-json\/wp\/v2\/categories?post=6196"},{"taxonomy":"post_tag","embeddable":true,"href":"https:\/\/federacja.bialystok.pl\/index.php\/wp-json\/wp\/v2\/tags?post=6196"}],"curies":[{"name":"wp","href":"https:\/\/api.w.org\/{rel}","templated":true}]}}