{"id":6107,"date":"2022-08-02T16:35:05","date_gmt":"2022-08-02T14:35:05","guid":{"rendered":"https:\/\/federacja.dfirma.pl\/?p=6107"},"modified":"2022-08-02T16:36:42","modified_gmt":"2022-08-02T14:36:42","slug":"programu-regrantingowy-dzialamy-razem","status":"publish","type":"post","link":"https:\/\/federacja.bialystok.pl\/index.php\/2022\/08\/02\/programu-regrantingowy-dzialamy-razem\/","title":{"rendered":"Programu regrantingowy &#8222;Dzia\u0142amy razem&#8221;"},"content":{"rendered":"<p style=\"text-align: justify;\">Federacja Organizacji Pozarz\u0105dowych Miasta Bia\u0142ystok i Fundacja\u00a0Dialog, jako Operator projekt\u00f3w, og\u0142asza konkurs w ramach Programu\u00a0regrantingowego \u201eDzia\u0142amy razem\u201d, kt\u00f3ry realizowany jest w ramach\u00a0\u015brodk\u00f3w z bud\u017cetu Miasta Bia\u0142ystok.<\/p>\n<p style=\"text-align: justify;\">W ramach konkursu w Programie regrantingowym organizacje pozarz\u0105dowe\u00a0zaproszone s\u0105 do sk\u0142adania ofert na realizacj\u0119 projekt\u00f3w, o warto\u015bci\u00a0do 3000 z\u0142 dofinansowania, dotycz\u0105cych budowania wsp\u00f3lnoty oraz wi\u0119zi\u00a0integruj\u0105cych mieszka\u0144c\u00f3w i uchod\u017ac\u00f3w, zamieszkuj\u0105cych miasto\u00a0Bia\u0142ystok, poprzez podj\u0119cie wsp\u00f3lnych aktywno\u015bci.<\/p>\n<p style=\"text-align: justify;\">Termin z\u0142o\u017cenia wniosk\u00f3w: od 3 do 17 sierpnia 2022 roku, do godziny 16.00.<\/p>\n<p style=\"text-align: justify;\"><strong>Projekty realizowane w ramach Programu powinny m.in.:<\/strong><\/p>\n<ul>\n<li style=\"text-align: justify;\">wspiera\u0107 nawi\u0105zywanie i rozwijanie wi\u0119zi w spo\u0142eczno\u015bciach\u00a0lokalnych oraz wzmacnianie akceptacji i integracji mi\u0119dzy mieszka\u0144cami\u00a0Bia\u0142egostoku a uchod\u017acami oraz przeciwdzia\u0142a\u0107 \u00a0dyskryminacji\u00a0uchod\u017ac\u00f3w,<\/li>\n<li style=\"text-align: justify;\">wzmacnia\u0107 proces integracji mieszka\u0144c\u00f3w z spo\u0142eczno\u015bci\u0105\u00a0uchod\u017ac\u00f3w, w tym uchod\u017ac\u00f3w z \u00a0Ukrainy,<\/li>\n<li style=\"text-align: justify;\">przyczynia\u0107 si\u0119 do rozwoju mi\u0119dzykulturowego i kszta\u0142towa\u0107\u00a0postawy otwarto\u015bci wobec odmienno\u015bci,<\/li>\n<li style=\"text-align: justify;\">przyczynia\u0107 si\u0119 do rozwoju \u015bwiadomo\u015bci obywatelskiej i\u00a0spo\u0142ecznej mieszka\u0144c\u00f3w.<\/li>\n<\/ul>\n<p style=\"text-align: justify;\">Mo\u017cliwe formy realizacji projekt\u00f3w, m.in: festyn osiedlowy, piknik,\u00a0spotkania s\u0105siedzkie, rozgrywki sportowe, spektakle teatralne, wyjazdy\u00a0i wyj\u015bcia integracyjne, spotkania edukacyjne; projekt powinien by\u0107\u00a0kierowany do minimum 16 os\u00f3b.<\/p>\n<p>Mo\u017cliwe zakresy realizacji projekt\u00f3w, <a href=\"http:\/\/m.in\/\">m.in<\/a>.: polityka spo\u0142eczna,\u00a0kultura, profilaktyka zdrowia, sport, kultura fizyczna, wpisuj\u0105ce si\u0119\u00a0w Program wsp\u00f3\u0142pracy Miasta Bia\u0142ystok z organizacjami pozarz\u0105dowymi<br \/>\noraz innymi podmiotami prowadz\u0105cymi dzia\u0142alno\u015b\u0107 po\u017cytku publicznego na\u00a02022 rok.<\/p>\n<p>Kto mo\u017ce sk\u0142ada\u0107 projektu? Organizacje pozarz\u0105dowe (m in.\u00a0stowarzyszenia, fundacje, kluby sportowe, a tak\u017ce stowarzyszenia\u00a0zwyk\u0142e i ko\u015bcielne osoby prawne).<\/p>\n<p>Spotkanie informacyjne dotycz\u0105ce konkursu odb\u0119dzie si\u0119 w poniedzia\u0142ek,\u00a08 sierpnia 2022 r. w siedzibie Centrum Aktywno\u015bci Spo\u0142ecznej, przy\u00a0ulicy Rocha 3 w Bia\u0142ymstoku. Zapraszamy na godzin\u0119 9.00.<\/p>\n<p>W razie pyta\u0144 zapraszamy do kontaktu: telefonicznie lub osobi\u015bcie\u00a0(prosimy o um\u00f3wienie si\u0119): Animatorzy: Pan Illia Tsalyk\/ Pani Kateryna\u00a0Hatsko pod nr telefonu 692 747 511;<\/p>\n<p style=\"text-align: justify;\">W sprawach ksi\u0119gowych: Joanna Babul lub Ewa Brajczewska tel. (85) 742 40 41<\/p>\n<p style=\"text-align: justify;\">Adres biura Operatora projekt\u00f3w: ul. Abramowicza 1 oraz ul. Kolejowa\u00a026, Bia\u0142ystok<\/p>\n<p>Adres email: <a href=\"mailto:projekty.federacja@gmail.com\">projekty.federacja@gmail.com<\/a><\/p>\n<p style=\"text-align: justify;\"><strong>Dokumenty do pobrania:<\/strong><\/p>\n<ul>\n<li style=\"text-align: justify;\"><a href=\"https:\/\/federacja.dfirma.pl\/wp-content\/uploads\/2022\/08\/zal_WNIOSEK_-DZIALAMY-RAZEM_2022.docx\">Wniosek na realizacj\u0119 projektu<\/a><\/li>\n<li style=\"text-align: justify;\"><a href=\"https:\/\/federacja.dfirma.pl\/wp-content\/uploads\/2022\/08\/Regulamin_DZIALAMY-RAZEM_2022.docx\">Regulamin konkursu<\/a><\/li>\n<li style=\"text-align: justify;\"><a href=\"https:\/\/federacja.dfirma.pl\/wp-content\/uploads\/2022\/08\/zal_FORM_-DZIALAMY-RAZEM_2022.docx\">Karta oceny formalnej<\/a><\/li>\n<li style=\"text-align: justify;\"><a href=\"https:\/\/federacja.dfirma.pl\/wp-content\/uploads\/2022\/08\/zal_MERYT_DZIALAMY-RAZEM_2022.docx\">Karta oceny merytorycznej<\/a><\/li>\n<\/ul>\n<p style=\"text-align: justify;\">Dokumentacja konkursowa dost\u0119pna jest r\u00f3wnie\u017c na stronach:<\/p>\n<p style=\"text-align: justify;\"><a href=\"http:\/\/www.fundacjadialog.pl\/\">www.fundacjadialog.pl<\/a><br \/>\n<a href=\"http:\/\/www.cas.bialystok.pl\/\">www.cas.bialystok.pl<\/a><\/p>\n","protected":false},"excerpt":{"rendered":"<p>Federacja Organizacji Pozarz\u0105dowych Miasta Bia\u0142ystok i Fundacja\u00a0Dialog, jako Operator projekt\u00f3w, og\u0142asza konkurs w ramach Programu\u00a0regrantingowego \u201eDzia\u0142amy razem\u201d, kt\u00f3ry realizowany jest w ramach\u00a0\u015brodk\u00f3w z bud\u017cetu Miasta Bia\u0142ystok. W ramach konkursu w Programie regrantingowym organizacje pozarz\u0105dowe\u00a0zaproszone s\u0105 do sk\u0142adania ofert na realizacj\u0119 projekt\u00f3w, o warto\u015bci\u00a0do 3000 z\u0142 dofinansowania, dotycz\u0105cych budowania wsp\u00f3lnoty oraz [&hellip;]<\/p>\n","protected":false},"author":1,"featured_media":5582,"comment_status":"open","ping_status":"open","sticky":false,"template":"","format":"standard","meta":{"om_disable_all_campaigns":false,"_monsterinsights_skip_tracking":false,"_monsterinsights_sitenote_active":false,"_monsterinsights_sitenote_note":"","_monsterinsights_sitenote_category":0,"footnotes":""},"categories":[1],"tags":[],"class_list":["post-6107","post","type-post","status-publish","format-standard","has-post-thumbnail","hentry","category-aktualnosci"],"yoast_head":"<!-- This site is optimized with the Yoast SEO plugin v24.5 - https:\/\/yoast.com\/wordpress\/plugins\/seo\/ -->\n<title>Programu regrantingowy &quot;Dzia\u0142amy razem&quot; - Federacja Organizacji Pozarz\u0105dowych Miasta Bia\u0142ystok<\/title>\n<meta name=\"robots\" content=\"index, follow, max-snippet:-1, max-image-preview:large, max-video-preview:-1\" \/>\n<link rel=\"canonical\" href=\"https:\/\/federacja.bialystok.pl\/index.php\/2022\/08\/02\/programu-regrantingowy-dzialamy-razem\/\" \/>\n<meta property=\"og:locale\" content=\"pl_PL\" \/>\n<meta property=\"og:type\" content=\"article\" \/>\n<meta property=\"og:title\" content=\"Programu regrantingowy &quot;Dzia\u0142amy razem&quot; - Federacja Organizacji Pozarz\u0105dowych Miasta Bia\u0142ystok\" \/>\n<meta property=\"og:description\" content=\"Federacja Organizacji Pozarz\u0105dowych Miasta Bia\u0142ystok i Fundacja\u00a0Dialog, jako Operator projekt\u00f3w, og\u0142asza konkurs w ramach Programu\u00a0regrantingowego \u201eDzia\u0142amy razem\u201d, kt\u00f3ry realizowany jest w ramach\u00a0\u015brodk\u00f3w z bud\u017cetu Miasta Bia\u0142ystok. W ramach konkursu w Programie regrantingowym organizacje pozarz\u0105dowe\u00a0zaproszone s\u0105 do sk\u0142adania ofert na realizacj\u0119 projekt\u00f3w, o warto\u015bci\u00a0do 3000 z\u0142 dofinansowania, dotycz\u0105cych budowania wsp\u00f3lnoty oraz [&hellip;]\" \/>\n<meta property=\"og:url\" content=\"https:\/\/federacja.bialystok.pl\/index.php\/2022\/08\/02\/programu-regrantingowy-dzialamy-razem\/\" \/>\n<meta property=\"og:site_name\" content=\"Federacja Organizacji Pozarz\u0105dowych Miasta Bia\u0142ystok\" \/>\n<meta property=\"article:published_time\" content=\"2022-08-02T14:35:05+00:00\" \/>\n<meta property=\"article:modified_time\" content=\"2022-08-02T14:36:42+00:00\" \/>\n<meta property=\"og:image\" content=\"https:\/\/federacja.bialystok.pl\/wp-content\/uploads\/2017\/10\/logo.jpg\" \/>\n\t<meta property=\"og:image:width\" content=\"428\" \/>\n\t<meta property=\"og:image:height\" content=\"161\" \/>\n\t<meta property=\"og:image:type\" content=\"image\/jpeg\" \/>\n<meta name=\"author\" content=\"admin\" \/>\n<meta name=\"twitter:card\" content=\"summary_large_image\" \/>\n<meta name=\"twitter:label1\" content=\"Napisane przez\" \/>\n\t<meta name=\"twitter:data1\" content=\"admin\" \/>\n\t<meta name=\"twitter:label2\" content=\"Szacowany czas czytania\" \/>\n\t<meta name=\"twitter:data2\" content=\"2 minuty\" \/>\n<script type=\"application\/ld+json\" class=\"yoast-schema-graph\">{\"@context\":\"https:\/\/schema.org\",\"@graph\":[{\"@type\":\"Article\",\"@id\":\"https:\/\/federacja.bialystok.pl\/index.php\/2022\/08\/02\/programu-regrantingowy-dzialamy-razem\/#article\",\"isPartOf\":{\"@id\":\"https:\/\/federacja.bialystok.pl\/index.php\/2022\/08\/02\/programu-regrantingowy-dzialamy-razem\/\"},\"author\":{\"name\":\"admin\",\"@id\":\"https:\/\/federacja.bialystok.pl\/#\/schema\/person\/fdb8891a7131237c6590346fd3aefdfd\"},\"headline\":\"Programu regrantingowy &#8222;Dzia\u0142amy razem&#8221;\",\"datePublished\":\"2022-08-02T14:35:05+00:00\",\"dateModified\":\"2022-08-02T14:36:42+00:00\",\"mainEntityOfPage\":{\"@id\":\"https:\/\/federacja.bialystok.pl\/index.php\/2022\/08\/02\/programu-regrantingowy-dzialamy-razem\/\"},\"wordCount\":413,\"commentCount\":0,\"publisher\":{\"@id\":\"https:\/\/federacja.bialystok.pl\/#organization\"},\"image\":{\"@id\":\"https:\/\/federacja.bialystok.pl\/index.php\/2022\/08\/02\/programu-regrantingowy-dzialamy-razem\/#primaryimage\"},\"thumbnailUrl\":\"https:\/\/federacja.bialystok.pl\/wp-content\/uploads\/2017\/10\/logo.jpg\",\"articleSection\":[\"Aktualno\u015bci\"],\"inLanguage\":\"pl-PL\",\"potentialAction\":[{\"@type\":\"CommentAction\",\"name\":\"Comment\",\"target\":[\"https:\/\/federacja.bialystok.pl\/index.php\/2022\/08\/02\/programu-regrantingowy-dzialamy-razem\/#respond\"]}]},{\"@type\":\"WebPage\",\"@id\":\"https:\/\/federacja.bialystok.pl\/index.php\/2022\/08\/02\/programu-regrantingowy-dzialamy-razem\/\",\"url\":\"https:\/\/federacja.bialystok.pl\/index.php\/2022\/08\/02\/programu-regrantingowy-dzialamy-razem\/\",\"name\":\"Programu regrantingowy \\\"Dzia\u0142amy razem\\\" - Federacja Organizacji Pozarz\u0105dowych Miasta Bia\u0142ystok\",\"isPartOf\":{\"@id\":\"https:\/\/federacja.bialystok.pl\/#website\"},\"primaryImageOfPage\":{\"@id\":\"https:\/\/federacja.bialystok.pl\/index.php\/2022\/08\/02\/programu-regrantingowy-dzialamy-razem\/#primaryimage\"},\"image\":{\"@id\":\"https:\/\/federacja.bialystok.pl\/index.php\/2022\/08\/02\/programu-regrantingowy-dzialamy-razem\/#primaryimage\"},\"thumbnailUrl\":\"https:\/\/federacja.bialystok.pl\/wp-content\/uploads\/2017\/10\/logo.jpg\",\"datePublished\":\"2022-08-02T14:35:05+00:00\",\"dateModified\":\"2022-08-02T14:36:42+00:00\",\"breadcrumb\":{\"@id\":\"https:\/\/federacja.bialystok.pl\/index.php\/2022\/08\/02\/programu-regrantingowy-dzialamy-razem\/#breadcrumb\"},\"inLanguage\":\"pl-PL\",\"potentialAction\":[{\"@type\":\"ReadAction\",\"target\":[\"https:\/\/federacja.bialystok.pl\/index.php\/2022\/08\/02\/programu-regrantingowy-dzialamy-razem\/\"]}]},{\"@type\":\"ImageObject\",\"inLanguage\":\"pl-PL\",\"@id\":\"https:\/\/federacja.bialystok.pl\/index.php\/2022\/08\/02\/programu-regrantingowy-dzialamy-razem\/#primaryimage\",\"url\":\"https:\/\/federacja.bialystok.pl\/wp-content\/uploads\/2017\/10\/logo.jpg\",\"contentUrl\":\"https:\/\/federacja.bialystok.pl\/wp-content\/uploads\/2017\/10\/logo.jpg\",\"width\":428,\"height\":161},{\"@type\":\"BreadcrumbList\",\"@id\":\"https:\/\/federacja.bialystok.pl\/index.php\/2022\/08\/02\/programu-regrantingowy-dzialamy-razem\/#breadcrumb\",\"itemListElement\":[{\"@type\":\"ListItem\",\"position\":1,\"name\":\"Strona g\u0142\u00f3wna\",\"item\":\"https:\/\/federacja.bialystok.pl\/\"},{\"@type\":\"ListItem\",\"position\":2,\"name\":\"Programu regrantingowy &#8222;Dzia\u0142amy razem&#8221;\"}]},{\"@type\":\"WebSite\",\"@id\":\"https:\/\/federacja.bialystok.pl\/#website\",\"url\":\"https:\/\/federacja.bialystok.pl\/\",\"name\":\"Federacja Organizacji Pozarz\u0105dowych Miasta Bia\u0142ystok\",\"description\":\"\",\"publisher\":{\"@id\":\"https:\/\/federacja.bialystok.pl\/#organization\"},\"potentialAction\":[{\"@type\":\"SearchAction\",\"target\":{\"@type\":\"EntryPoint\",\"urlTemplate\":\"https:\/\/federacja.bialystok.pl\/?s={search_term_string}\"},\"query-input\":{\"@type\":\"PropertyValueSpecification\",\"valueRequired\":true,\"valueName\":\"search_term_string\"}}],\"inLanguage\":\"pl-PL\"},{\"@type\":\"Organization\",\"@id\":\"https:\/\/federacja.bialystok.pl\/#organization\",\"name\":\"Federacja Organizacji Pozarz\u0105dowych Miasta Bia\u0142ystok\",\"url\":\"https:\/\/federacja.bialystok.pl\/\",\"logo\":{\"@type\":\"ImageObject\",\"inLanguage\":\"pl-PL\",\"@id\":\"https:\/\/federacja.bialystok.pl\/#\/schema\/logo\/image\/\",\"url\":\"https:\/\/federacja.bialystok.pl\/wp-content\/uploads\/2017\/11\/cropped-logo_federacja.png\",\"contentUrl\":\"https:\/\/federacja.bialystok.pl\/wp-content\/uploads\/2017\/11\/cropped-logo_federacja.png\",\"width\":428,\"height\":147,\"caption\":\"Federacja Organizacji Pozarz\u0105dowych Miasta Bia\u0142ystok\"},\"image\":{\"@id\":\"https:\/\/federacja.bialystok.pl\/#\/schema\/logo\/image\/\"}},{\"@type\":\"Person\",\"@id\":\"https:\/\/federacja.bialystok.pl\/#\/schema\/person\/fdb8891a7131237c6590346fd3aefdfd\",\"name\":\"admin\",\"image\":{\"@type\":\"ImageObject\",\"inLanguage\":\"pl-PL\",\"@id\":\"https:\/\/federacja.bialystok.pl\/#\/schema\/person\/image\/\",\"url\":\"https:\/\/secure.gravatar.com\/avatar\/f685c87553d55bc0dd30ac8860421d2f?s=96&d=mm&r=g\",\"contentUrl\":\"https:\/\/secure.gravatar.com\/avatar\/f685c87553d55bc0dd30ac8860421d2f?s=96&d=mm&r=g\",\"caption\":\"admin\"},\"url\":\"https:\/\/federacja.bialystok.pl\/index.php\/author\/admin\/\"}]}<\/script>\n<!-- \/ Yoast SEO plugin. -->","yoast_head_json":{"title":"Programu regrantingowy \"Dzia\u0142amy razem\" - Federacja Organizacji Pozarz\u0105dowych Miasta Bia\u0142ystok","robots":{"index":"index","follow":"follow","max-snippet":"max-snippet:-1","max-image-preview":"max-image-preview:large","max-video-preview":"max-video-preview:-1"},"canonical":"https:\/\/federacja.bialystok.pl\/index.php\/2022\/08\/02\/programu-regrantingowy-dzialamy-razem\/","og_locale":"pl_PL","og_type":"article","og_title":"Programu regrantingowy \"Dzia\u0142amy razem\" - Federacja Organizacji Pozarz\u0105dowych Miasta Bia\u0142ystok","og_description":"Federacja Organizacji Pozarz\u0105dowych Miasta Bia\u0142ystok i Fundacja\u00a0Dialog, jako Operator projekt\u00f3w, og\u0142asza konkurs w ramach Programu\u00a0regrantingowego \u201eDzia\u0142amy razem\u201d, kt\u00f3ry realizowany jest w ramach\u00a0\u015brodk\u00f3w z bud\u017cetu Miasta Bia\u0142ystok. W ramach konkursu w Programie regrantingowym organizacje pozarz\u0105dowe\u00a0zaproszone s\u0105 do sk\u0142adania ofert na realizacj\u0119 projekt\u00f3w, o warto\u015bci\u00a0do 3000 z\u0142 dofinansowania, dotycz\u0105cych budowania wsp\u00f3lnoty oraz [&hellip;]","og_url":"https:\/\/federacja.bialystok.pl\/index.php\/2022\/08\/02\/programu-regrantingowy-dzialamy-razem\/","og_site_name":"Federacja Organizacji Pozarz\u0105dowych Miasta Bia\u0142ystok","article_published_time":"2022-08-02T14:35:05+00:00","article_modified_time":"2022-08-02T14:36:42+00:00","og_image":[{"width":428,"height":161,"url":"https:\/\/federacja.bialystok.pl\/wp-content\/uploads\/2017\/10\/logo.jpg","type":"image\/jpeg"}],"author":"admin","twitter_card":"summary_large_image","twitter_misc":{"Napisane przez":"admin","Szacowany czas czytania":"2 minuty"},"schema":{"@context":"https:\/\/schema.org","@graph":[{"@type":"Article","@id":"https:\/\/federacja.bialystok.pl\/index.php\/2022\/08\/02\/programu-regrantingowy-dzialamy-razem\/#article","isPartOf":{"@id":"https:\/\/federacja.bialystok.pl\/index.php\/2022\/08\/02\/programu-regrantingowy-dzialamy-razem\/"},"author":{"name":"admin","@id":"https:\/\/federacja.bialystok.pl\/#\/schema\/person\/fdb8891a7131237c6590346fd3aefdfd"},"headline":"Programu regrantingowy &#8222;Dzia\u0142amy razem&#8221;","datePublished":"2022-08-02T14:35:05+00:00","dateModified":"2022-08-02T14:36:42+00:00","mainEntityOfPage":{"@id":"https:\/\/federacja.bialystok.pl\/index.php\/2022\/08\/02\/programu-regrantingowy-dzialamy-razem\/"},"wordCount":413,"commentCount":0,"publisher":{"@id":"https:\/\/federacja.bialystok.pl\/#organization"},"image":{"@id":"https:\/\/federacja.bialystok.pl\/index.php\/2022\/08\/02\/programu-regrantingowy-dzialamy-razem\/#primaryimage"},"thumbnailUrl":"https:\/\/federacja.bialystok.pl\/wp-content\/uploads\/2017\/10\/logo.jpg","articleSection":["Aktualno\u015bci"],"inLanguage":"pl-PL","potentialAction":[{"@type":"CommentAction","name":"Comment","target":["https:\/\/federacja.bialystok.pl\/index.php\/2022\/08\/02\/programu-regrantingowy-dzialamy-razem\/#respond"]}]},{"@type":"WebPage","@id":"https:\/\/federacja.bialystok.pl\/index.php\/2022\/08\/02\/programu-regrantingowy-dzialamy-razem\/","url":"https:\/\/federacja.bialystok.pl\/index.php\/2022\/08\/02\/programu-regrantingowy-dzialamy-razem\/","name":"Programu regrantingowy \"Dzia\u0142amy razem\" - Federacja Organizacji Pozarz\u0105dowych Miasta Bia\u0142ystok","isPartOf":{"@id":"https:\/\/federacja.bialystok.pl\/#website"},"primaryImageOfPage":{"@id":"https:\/\/federacja.bialystok.pl\/index.php\/2022\/08\/02\/programu-regrantingowy-dzialamy-razem\/#primaryimage"},"image":{"@id":"https:\/\/federacja.bialystok.pl\/index.php\/2022\/08\/02\/programu-regrantingowy-dzialamy-razem\/#primaryimage"},"thumbnailUrl":"https:\/\/federacja.bialystok.pl\/wp-content\/uploads\/2017\/10\/logo.jpg","datePublished":"2022-08-02T14:35:05+00:00","dateModified":"2022-08-02T14:36:42+00:00","breadcrumb":{"@id":"https:\/\/federacja.bialystok.pl\/index.php\/2022\/08\/02\/programu-regrantingowy-dzialamy-razem\/#breadcrumb"},"inLanguage":"pl-PL","potentialAction":[{"@type":"ReadAction","target":["https:\/\/federacja.bialystok.pl\/index.php\/2022\/08\/02\/programu-regrantingowy-dzialamy-razem\/"]}]},{"@type":"ImageObject","inLanguage":"pl-PL","@id":"https:\/\/federacja.bialystok.pl\/index.php\/2022\/08\/02\/programu-regrantingowy-dzialamy-razem\/#primaryimage","url":"https:\/\/federacja.bialystok.pl\/wp-content\/uploads\/2017\/10\/logo.jpg","contentUrl":"https:\/\/federacja.bialystok.pl\/wp-content\/uploads\/2017\/10\/logo.jpg","width":428,"height":161},{"@type":"BreadcrumbList","@id":"https:\/\/federacja.bialystok.pl\/index.php\/2022\/08\/02\/programu-regrantingowy-dzialamy-razem\/#breadcrumb","itemListElement":[{"@type":"ListItem","position":1,"name":"Strona g\u0142\u00f3wna","item":"https:\/\/federacja.bialystok.pl\/"},{"@type":"ListItem","position":2,"name":"Programu regrantingowy &#8222;Dzia\u0142amy razem&#8221;"}]},{"@type":"WebSite","@id":"https:\/\/federacja.bialystok.pl\/#website","url":"https:\/\/federacja.bialystok.pl\/","name":"Federacja Organizacji Pozarz\u0105dowych Miasta Bia\u0142ystok","description":"","publisher":{"@id":"https:\/\/federacja.bialystok.pl\/#organization"},"potentialAction":[{"@type":"SearchAction","target":{"@type":"EntryPoint","urlTemplate":"https:\/\/federacja.bialystok.pl\/?s={search_term_string}"},"query-input":{"@type":"PropertyValueSpecification","valueRequired":true,"valueName":"search_term_string"}}],"inLanguage":"pl-PL"},{"@type":"Organization","@id":"https:\/\/federacja.bialystok.pl\/#organization","name":"Federacja Organizacji Pozarz\u0105dowych Miasta Bia\u0142ystok","url":"https:\/\/federacja.bialystok.pl\/","logo":{"@type":"ImageObject","inLanguage":"pl-PL","@id":"https:\/\/federacja.bialystok.pl\/#\/schema\/logo\/image\/","url":"https:\/\/federacja.bialystok.pl\/wp-content\/uploads\/2017\/11\/cropped-logo_federacja.png","contentUrl":"https:\/\/federacja.bialystok.pl\/wp-content\/uploads\/2017\/11\/cropped-logo_federacja.png","width":428,"height":147,"caption":"Federacja Organizacji Pozarz\u0105dowych Miasta Bia\u0142ystok"},"image":{"@id":"https:\/\/federacja.bialystok.pl\/#\/schema\/logo\/image\/"}},{"@type":"Person","@id":"https:\/\/federacja.bialystok.pl\/#\/schema\/person\/fdb8891a7131237c6590346fd3aefdfd","name":"admin","image":{"@type":"ImageObject","inLanguage":"pl-PL","@id":"https:\/\/federacja.bialystok.pl\/#\/schema\/person\/image\/","url":"https:\/\/secure.gravatar.com\/avatar\/f685c87553d55bc0dd30ac8860421d2f?s=96&d=mm&r=g","contentUrl":"https:\/\/secure.gravatar.com\/avatar\/f685c87553d55bc0dd30ac8860421d2f?s=96&d=mm&r=g","caption":"admin"},"url":"https:\/\/federacja.bialystok.pl\/index.php\/author\/admin\/"}]}},"_links":{"self":[{"href":"https:\/\/federacja.bialystok.pl\/index.php\/wp-json\/wp\/v2\/posts\/6107","targetHints":{"allow":["GET"]}}],"collection":[{"href":"https:\/\/federacja.bialystok.pl\/index.php\/wp-json\/wp\/v2\/posts"}],"about":[{"href":"https:\/\/federacja.bialystok.pl\/index.php\/wp-json\/wp\/v2\/types\/post"}],"author":[{"embeddable":true,"href":"https:\/\/federacja.bialystok.pl\/index.php\/wp-json\/wp\/v2\/users\/1"}],"replies":[{"embeddable":true,"href":"https:\/\/federacja.bialystok.pl\/index.php\/wp-json\/wp\/v2\/comments?post=6107"}],"version-history":[{"count":2,"href":"https:\/\/federacja.bialystok.pl\/index.php\/wp-json\/wp\/v2\/posts\/6107\/revisions"}],"predecessor-version":[{"id":6113,"href":"https:\/\/federacja.bialystok.pl\/index.php\/wp-json\/wp\/v2\/posts\/6107\/revisions\/6113"}],"wp:featuredmedia":[{"embeddable":true,"href":"https:\/\/federacja.bialystok.pl\/index.php\/wp-json\/wp\/v2\/media\/5582"}],"wp:attachment":[{"href":"https:\/\/federacja.bialystok.pl\/index.php\/wp-json\/wp\/v2\/media?parent=6107"}],"wp:term":[{"taxonomy":"category","embeddable":true,"href":"https:\/\/federacja.bialystok.pl\/index.php\/wp-json\/wp\/v2\/categories?post=6107"},{"taxonomy":"post_tag","embeddable":true,"href":"https:\/\/federacja.bialystok.pl\/index.php\/wp-json\/wp\/v2\/tags?post=6107"}],"curies":[{"name":"wp","href":"https:\/\/api.w.org\/{rel}","templated":true}]}}